{"id":1567,"date":"2026-04-26T10:48:02","date_gmt":"2026-04-26T08:48:02","guid":{"rendered":"https:\/\/wisniowsky.nl\/?p=1567"},"modified":"2026-04-26T10:48:02","modified_gmt":"2026-04-26T08:48:02","slug":"zmiana-formy-dzialalnosci-z-eenmanszaak-na-bv-kiedy-to-sie-oplaca","status":"publish","type":"post","link":"https:\/\/wisniowsky.nl\/nl\/zmiana-formy-dzialalnosci-z-eenmanszaak-na-bv-kiedy-to-sie-oplaca\/","title":{"rendered":"Zmiana formy dzia\u0142alno\u015bci z eenmanszaak na BV \u2013 kiedy to si\u0119 op\u0142aca?"},"content":{"rendered":"<p><strong>Zmiana formy dzia\u0142alno\u015bci z eenmanszaak na BV \u2013 kiedy to si\u0119 op\u0142aca? \ud83d\udcca\ud83c\udfe2<\/strong><\/p>\n<p>Prowadzisz jednoosobow\u0105 dzia\u0142alno\u015b\u0107 (ZZP \/ eenmanszaak) w Holandii i zastanawiasz si\u0119 nad przej\u015bciem na BV? To jedna z najcz\u0119stszych decyzji na etapie rozwoju biznesu.<\/p>\n<p>Poni\u017cej znajdziesz praktyczne wyja\u015bnienie \u2013 kiedy to ma sens \ud83d\udc47<\/p>\n<hr \/>\n<h2><strong>Czym r\u00f3\u017cni si\u0119 eenmanszaak od BV? \u2696\ufe0f<\/strong><\/h2>\n<p><strong>Eenmanszaak (ZZP):<\/strong><\/p>\n<ul>\n<li>brak osobowo\u015bci prawnej,<\/li>\n<li>pe\u0142na odpowiedzialno\u015b\u0107 prywatnym maj\u0105tkiem,<\/li>\n<li>opodatkowanie w <strong>Box 1 (Inkomstenbelasting)<\/strong>.<\/li>\n<\/ul>\n<p><strong>BV:<\/strong><\/p>\n<ul>\n<li>posiada osobowo\u015b\u0107 prawn\u0105,<\/li>\n<li>odpowiedzialno\u015b\u0107 co do zasady ograniczona,<\/li>\n<li>opodatkowanie przez <strong>CIT (Vennootschapsbelasting)<\/strong>.<\/li>\n<\/ul>\n<p>\ud83d\udc49 To nie tylko zmiana podatkowa, ale te\u017c prawna i organizacyjna.<\/p>\n<hr \/>\n<h2><strong>Kiedy BV zaczyna si\u0119 op\u0142aca\u0107? \ud83d\udcb0<\/strong><\/h2>\n<p>Zmiana na BV cz\u0119sto ma sens, gdy:<\/p>\n<ul>\n<li>Tw\u00f3j zysk wynosi ok. <strong>100.000\u2013120.000 EUR rocznie lub wi\u0119cej<\/strong>,<\/li>\n<li>nie korzystasz ju\u017c w pe\u0142ni z ulg dla ZZP,<\/li>\n<li>chcesz <strong>zatrzymywa\u0107 i reinwestowa\u0107 zyski<\/strong>,<\/li>\n<li>Twoje dochody wpadaj\u0105 w wy\u017csz\u0105 skal\u0119 podatkow\u0105.<\/li>\n<\/ul>\n<p>\ud83d\udc49 W BV podatek mo\u017ce by\u0107 ni\u017cszy ni\u017c w najwy\u017cszej stawce Box 1.<\/p>\n<hr \/>\n<h2><strong>Odpowiedzialno\u015b\u0107 i bezpiecze\u0144stwo \ud83d\udee1\ufe0f<\/strong><\/h2>\n<p>W eenmanszaak:<\/p>\n<ul>\n<li>odpowiadasz ca\u0142ym maj\u0105tkiem prywatnym.<\/li>\n<\/ul>\n<p>W BV:<\/p>\n<ul>\n<li>odpowiedzialno\u015b\u0107 ograniczona do maj\u0105tku sp\u00f3\u0142ki (z wyj\u0105tkami).<\/li>\n<\/ul>\n<p>\ud83d\udc49 Dlatego BV jest cz\u0119sto wybierana w bran\u017cach o wy\u017cszym ryzyku:<\/p>\n<ul>\n<li>budownictwo,<\/li>\n<li>transport,<\/li>\n<li>us\u0142ugi techniczne.<\/li>\n<\/ul>\n<hr \/>\n<h2><strong>Koszty i obowi\u0105zki BV \ud83d\udcda<\/strong><\/h2>\n<p>Przej\u015bcie na BV oznacza wi\u0119cej formalno\u015bci:<\/p>\n<ul>\n<li>akt notarialny przy zak\u0142adaniu sp\u00f3\u0142ki,<\/li>\n<li>pe\u0142na ksi\u0119gowo\u015b\u0107,<\/li>\n<li>roczne sprawozdania finansowe,<\/li>\n<li>wy\u017csze koszty administracyjne i ksi\u0119gowe.<\/li>\n<\/ul>\n<p>\ud83d\udc49 BV = wi\u0119ksza struktura, ale te\u017c wi\u0119ksze obowi\u0105zki.<\/p>\n<hr \/>\n<h2><strong>Na co zwr\u00f3ci\u0107 uwag\u0119 przed decyzj\u0105? \ud83e\udd14<\/strong><\/h2>\n<p>Analizuj zysk, nie obr\u00f3t<br \/>\nTo zysk decyduje o op\u0142acalno\u015bci.<\/p>\n<p>Policz realne koszty<br \/>\nKsi\u0119gowo\u015b\u0107 i administracja mog\u0105 znacz\u0105co wp\u0142yn\u0105\u0107 na wynik.<\/p>\n<p>Rozwa\u017c struktur\u0119 holdingow\u0105<br \/>\nMo\u017ce da\u0107 dodatkowe korzy\u015bci podatkowe i ochron\u0119 maj\u0105tku.<\/p>\n<p>Skonsultuj si\u0119 z doradc\u0105<br \/>\nKa\u017cda sytuacja jest inna \u2013 nie ma jednego progu dla wszystkich.<\/p>\n<hr \/>\n<h2><strong>Podsumowanie \ud83d\udcca<\/strong><\/h2>\n<ul>\n<li>BV daje <strong>ograniczenie odpowiedzialno\u015bci<\/strong> i wi\u0119ksze bezpiecze\u0144stwo.<\/li>\n<li>Mo\u017ce by\u0107 korzystna podatkowo przy wy\u017cszych zyskach.<\/li>\n<li>Wi\u0105\u017ce si\u0119 z wi\u0119kszymi kosztami i formalno\u015bciami.<\/li>\n<li>Decyzja powinna wynika\u0107 z analizy finansowej, a nie tylko \u201epresti\u017cu\u201d.<\/li>\n<\/ul>\n<p>\ud83d\udc49 Najwa\u017cniejsze:<br \/>\n<strong>BV op\u0142aca si\u0119 wtedy, gdy biznes jest ju\u017c na odpowiednim poziomie.<\/strong><\/p>\n<hr \/>\n<h2><strong>\u0179r\u00f3d\u0142a \ud83d\udcda<\/strong><\/h2>\n<ul>\n<li><a href=\"https:\/\/www.belastingdienst.nl\/wps\/wcm\/connect\/nl\/ondernemers\/content\/inkomstenbelasting-voor-ondernemers\">https:\/\/www.belastingdienst.nl\/wps\/wcm\/connect\/nl\/ondernemers\/content\/inkomstenbelasting-voor-ondernemers<\/a><\/li>\n<li><a href=\"https:\/\/www.belastingdienst.nl\/wps\/wcm\/connect\/nl\/ondernemers\/content\/vennootschapsbelasting\">https:\/\/www.belastingdienst.nl\/wps\/wcm\/connect\/nl\/ondernemers\/content\/vennootschapsbelasting<\/a><\/li>\n<li><a href=\"https:\/\/www.kvk.nl\/starten\/rechtsvormen\/eenmanszaak-of-bv\/\">https:\/\/www.kvk.nl\/starten\/rechtsvormen\/eenmanszaak-of-bv\/<\/a><\/li>\n<li><a href=\"https:\/\/www.rijksoverheid.nl\/onderwerpen\/onderneming-starten\/rechtsvorm-onderneming\">https:\/\/www.rijksoverheid.nl\/onderwerpen\/onderneming-starten\/rechtsvorm-onderneming<\/a><\/li>\n<\/ul>\n","protected":false},"excerpt":{"rendered":"<p>Zmiana formy dzia\u0142alno\u015bci z eenmanszaak na BV \u2013 kiedy to si\u0119 op\u0142aca? \ud83d\udcca\ud83c\udfe2 Prowadzisz jednoosobow\u0105 dzia\u0142alno\u015b\u0107 (ZZP \/ eenmanszaak) w Holandii i zastanawiasz si\u0119 nad przej\u015bciem na BV? To jedna z najcz\u0119stszych decyzji na etapie rozwoju biznesu. Poni\u017cej znajdziesz praktyczne wyja\u015bnienie \u2013 kiedy to ma sens \ud83d\udc47 Czym r\u00f3\u017cni si\u0119 eenmanszaak od BV? \u2696\ufe0f Eenmanszaak [&hellip;]<\/p>\n","protected":false},"author":3,"featured_media":1568,"comment_status":"open","ping_status":"open","sticky":false,"template":"","format":"standard","meta":{"_acf_changed":false,"inline_featured_image":false,"footnotes":""},"categories":[1],"tags":[],"class_list":["post-1567","post","type-post","status-publish","format-standard","has-post-thumbnail","hentry","category-bez-kategorii"],"acf":[],"yoast_head":"<!-- This site is optimized with the Yoast SEO Premium plugin v27.1 (Yoast SEO v27.5) - https:\/\/yoast.com\/product\/yoast-seo-premium-wordpress\/ -->\n<title>Zmiana formy dzia\u0142alno\u015bci z eenmanszaak na BV \u2013 kiedy to si\u0119 op\u0142aca? - Wisniowsky Administratiekantoor<\/title>\n<meta name=\"robots\" content=\"index, follow, max-snippet:-1, max-image-preview:large, max-video-preview:-1\" \/>\n<link rel=\"canonical\" href=\"https:\/\/wisniowsky.nl\/nl\/zmiana-formy-dzialalnosci-z-eenmanszaak-na-bv-kiedy-to-sie-oplaca\/\" \/>\n<meta property=\"og:locale\" content=\"nl_NL\" \/>\n<meta property=\"og:type\" content=\"article\" \/>\n<meta property=\"og:title\" content=\"Zmiana formy dzia\u0142alno\u015bci z eenmanszaak na BV \u2013 kiedy to si\u0119 op\u0142aca?\" \/>\n<meta property=\"og:description\" content=\"Zmiana formy dzia\u0142alno\u015bci z eenmanszaak na BV \u2013 kiedy to si\u0119 op\u0142aca? \ud83d\udcca\ud83c\udfe2 Prowadzisz jednoosobow\u0105 dzia\u0142alno\u015b\u0107 (ZZP \/ eenmanszaak) w Holandii i zastanawiasz si\u0119 nad przej\u015bciem na BV? To jedna z najcz\u0119stszych decyzji na etapie rozwoju biznesu. Poni\u017cej znajdziesz praktyczne wyja\u015bnienie \u2013 kiedy to ma sens \ud83d\udc47 Czym r\u00f3\u017cni si\u0119 eenmanszaak od BV? \u2696\ufe0f Eenmanszaak [&hellip;]\" \/>\n<meta property=\"og:url\" content=\"https:\/\/wisniowsky.nl\/nl\/zmiana-formy-dzialalnosci-z-eenmanszaak-na-bv-kiedy-to-sie-oplaca\/\" \/>\n<meta property=\"og:site_name\" content=\"Wisniowsky Administratiekantoor\" \/>\n<meta property=\"article:publisher\" content=\"https:\/\/m.facebook.com\/p\/Wisniowsky-Administratiekantoor-100057598202710\/\" \/>\n<meta property=\"article:published_time\" content=\"2026-04-26T08:48:02+00:00\" \/>\n<meta property=\"og:image\" content=\"https:\/\/wisniowsky.nl\/wp-content\/uploads\/2026\/04\/Artykul-17.png\" \/>\n\t<meta property=\"og:image:width\" content=\"850\" \/>\n\t<meta property=\"og:image:height\" content=\"205\" \/>\n\t<meta property=\"og:image:type\" content=\"image\/png\" \/>\n<meta name=\"author\" content=\"Dominika\" \/>\n<meta name=\"twitter:card\" content=\"summary_large_image\" \/>\n<meta name=\"twitter:label1\" content=\"Geschreven door\" \/>\n\t<meta name=\"twitter:data1\" content=\"Dominika\" \/>\n\t<meta name=\"twitter:label2\" content=\"Geschatte leestijd\" \/>\n\t<meta name=\"twitter:data2\" content=\"3 minuten\" \/>\n<script type=\"application\/ld+json\" class=\"yoast-schema-graph\">{\"@context\":\"https:\\\/\\\/schema.org\",\"@graph\":[{\"@type\":\"Article\",\"@id\":\"https:\\\/\\\/wisniowsky.nl\\\/nl\\\/zmiana-formy-dzialalnosci-z-eenmanszaak-na-bv-kiedy-to-sie-oplaca\\\/#article\",\"isPartOf\":{\"@id\":\"https:\\\/\\\/wisniowsky.nl\\\/nl\\\/zmiana-formy-dzialalnosci-z-eenmanszaak-na-bv-kiedy-to-sie-oplaca\\\/\"},\"author\":{\"name\":\"Dominika\",\"@id\":\"https:\\\/\\\/wisniowsky.nl\\\/nl\\\/#\\\/schema\\\/person\\\/fb179810b4470573a80b0fd7e9005584\"},\"headline\":\"Zmiana formy dzia\u0142alno\u015bci z eenmanszaak na BV \u2013 kiedy to si\u0119 op\u0142aca?\",\"datePublished\":\"2026-04-26T08:48:02+00:00\",\"mainEntityOfPage\":{\"@id\":\"https:\\\/\\\/wisniowsky.nl\\\/nl\\\/zmiana-formy-dzialalnosci-z-eenmanszaak-na-bv-kiedy-to-sie-oplaca\\\/\"},\"wordCount\":414,\"commentCount\":0,\"publisher\":{\"@id\":\"https:\\\/\\\/wisniowsky.nl\\\/nl\\\/#organization\"},\"image\":{\"@id\":\"https:\\\/\\\/wisniowsky.nl\\\/nl\\\/zmiana-formy-dzialalnosci-z-eenmanszaak-na-bv-kiedy-to-sie-oplaca\\\/#primaryimage\"},\"thumbnailUrl\":\"https:\\\/\\\/i0.wp.com\\\/wisniowsky.nl\\\/wp-content\\\/uploads\\\/2026\\\/04\\\/Artykul-17.png?fit=850%2C205&ssl=1\",\"articleSection\":[\"Bez kategorii\"],\"inLanguage\":\"nl-NL\",\"potentialAction\":[{\"@type\":\"CommentAction\",\"name\":\"Comment\",\"target\":[\"https:\\\/\\\/wisniowsky.nl\\\/nl\\\/zmiana-formy-dzialalnosci-z-eenmanszaak-na-bv-kiedy-to-sie-oplaca\\\/#respond\"]}]},{\"@type\":\"WebPage\",\"@id\":\"https:\\\/\\\/wisniowsky.nl\\\/nl\\\/zmiana-formy-dzialalnosci-z-eenmanszaak-na-bv-kiedy-to-sie-oplaca\\\/\",\"url\":\"https:\\\/\\\/wisniowsky.nl\\\/nl\\\/zmiana-formy-dzialalnosci-z-eenmanszaak-na-bv-kiedy-to-sie-oplaca\\\/\",\"name\":\"Zmiana formy dzia\u0142alno\u015bci z eenmanszaak na BV \u2013 kiedy to si\u0119 op\u0142aca? - Wisniowsky Administratiekantoor\",\"isPartOf\":{\"@id\":\"https:\\\/\\\/wisniowsky.nl\\\/nl\\\/#website\"},\"primaryImageOfPage\":{\"@id\":\"https:\\\/\\\/wisniowsky.nl\\\/nl\\\/zmiana-formy-dzialalnosci-z-eenmanszaak-na-bv-kiedy-to-sie-oplaca\\\/#primaryimage\"},\"image\":{\"@id\":\"https:\\\/\\\/wisniowsky.nl\\\/nl\\\/zmiana-formy-dzialalnosci-z-eenmanszaak-na-bv-kiedy-to-sie-oplaca\\\/#primaryimage\"},\"thumbnailUrl\":\"https:\\\/\\\/i0.wp.com\\\/wisniowsky.nl\\\/wp-content\\\/uploads\\\/2026\\\/04\\\/Artykul-17.png?fit=850%2C205&ssl=1\",\"datePublished\":\"2026-04-26T08:48:02+00:00\",\"breadcrumb\":{\"@id\":\"https:\\\/\\\/wisniowsky.nl\\\/nl\\\/zmiana-formy-dzialalnosci-z-eenmanszaak-na-bv-kiedy-to-sie-oplaca\\\/#breadcrumb\"},\"inLanguage\":\"nl-NL\",\"potentialAction\":[{\"@type\":\"ReadAction\",\"target\":[\"https:\\\/\\\/wisniowsky.nl\\\/nl\\\/zmiana-formy-dzialalnosci-z-eenmanszaak-na-bv-kiedy-to-sie-oplaca\\\/\"]}]},{\"@type\":\"ImageObject\",\"inLanguage\":\"nl-NL\",\"@id\":\"https:\\\/\\\/wisniowsky.nl\\\/nl\\\/zmiana-formy-dzialalnosci-z-eenmanszaak-na-bv-kiedy-to-sie-oplaca\\\/#primaryimage\",\"url\":\"https:\\\/\\\/i0.wp.com\\\/wisniowsky.nl\\\/wp-content\\\/uploads\\\/2026\\\/04\\\/Artykul-17.png?fit=850%2C205&ssl=1\",\"contentUrl\":\"https:\\\/\\\/i0.wp.com\\\/wisniowsky.nl\\\/wp-content\\\/uploads\\\/2026\\\/04\\\/Artykul-17.png?fit=850%2C205&ssl=1\",\"width\":850,\"height\":205,\"caption\":\"Zmiana formy dzia\u0142alno\u015bci z eenmanszaak na BV\"},{\"@type\":\"BreadcrumbList\",\"@id\":\"https:\\\/\\\/wisniowsky.nl\\\/nl\\\/zmiana-formy-dzialalnosci-z-eenmanszaak-na-bv-kiedy-to-sie-oplaca\\\/#breadcrumb\",\"itemListElement\":[{\"@type\":\"ListItem\",\"position\":1,\"name\":\"Strona g\u0142\u00f3wna\",\"item\":\"https:\\\/\\\/wisniowsky.nl\\\/nl\\\/\"},{\"@type\":\"ListItem\",\"position\":2,\"name\":\"Zmiana formy dzia\u0142alno\u015bci z eenmanszaak na BV \u2013 kiedy to si\u0119 op\u0142aca?\"}]},{\"@type\":\"WebSite\",\"@id\":\"https:\\\/\\\/wisniowsky.nl\\\/nl\\\/#website\",\"url\":\"https:\\\/\\\/wisniowsky.nl\\\/nl\\\/\",\"name\":\"Wisniowsky Administratiekantoor\",\"description\":\"Wszystkie Twoje sprawy w jednym miejscu.\",\"publisher\":{\"@id\":\"https:\\\/\\\/wisniowsky.nl\\\/nl\\\/#organization\"},\"alternateName\":\"Ksi\u0119gowo\u015b\u0107 Holandia\",\"potentialAction\":[{\"@type\":\"SearchAction\",\"target\":{\"@type\":\"EntryPoint\",\"urlTemplate\":\"https:\\\/\\\/wisniowsky.nl\\\/nl\\\/?s={search_term_string}\"},\"query-input\":{\"@type\":\"PropertyValueSpecification\",\"valueRequired\":true,\"valueName\":\"search_term_string\"}}],\"inLanguage\":\"nl-NL\"},{\"@type\":\"Organization\",\"@id\":\"https:\\\/\\\/wisniowsky.nl\\\/nl\\\/#organization\",\"name\":\"Wisniowsky Administratiekantoor\",\"alternateName\":\"Ksi\u0119gowo\u015b\u0107 Holandia\",\"url\":\"https:\\\/\\\/wisniowsky.nl\\\/nl\\\/\",\"logo\":{\"@type\":\"ImageObject\",\"inLanguage\":\"nl-NL\",\"@id\":\"https:\\\/\\\/wisniowsky.nl\\\/nl\\\/#\\\/schema\\\/logo\\\/image\\\/\",\"url\":\"https:\\\/\\\/i0.wp.com\\\/wisniowsky.nl\\\/wp-content\\\/uploads\\\/2024\\\/05\\\/cropped-favicon512.png?fit=512%2C512&quality=80&ssl=1\",\"contentUrl\":\"https:\\\/\\\/i0.wp.com\\\/wisniowsky.nl\\\/wp-content\\\/uploads\\\/2024\\\/05\\\/cropped-favicon512.png?fit=512%2C512&quality=80&ssl=1\",\"width\":512,\"height\":512,\"caption\":\"Wisniowsky Administratiekantoor\"},\"image\":{\"@id\":\"https:\\\/\\\/wisniowsky.nl\\\/nl\\\/#\\\/schema\\\/logo\\\/image\\\/\"},\"sameAs\":[\"https:\\\/\\\/m.facebook.com\\\/p\\\/Wisniowsky-Administratiekantoor-100057598202710\\\/\",\"https:\\\/\\\/www.instagram.com\\\/waknl\\\/\"],\"description\":\"Ksi\u0119gowo\u015b\u0107 firm w Holandii\",\"email\":\"info@wisniowsky.nl\",\"telephone\":\"0851307210\",\"legalName\":\"Wisniowsky Administratiekantoor\",\"foundingDate\":\"2015-02-05\",\"numberOfEmployees\":{\"@type\":\"QuantitativeValue\",\"minValue\":\"1\",\"maxValue\":\"10\"}},{\"@type\":\"Person\",\"@id\":\"https:\\\/\\\/wisniowsky.nl\\\/nl\\\/#\\\/schema\\\/person\\\/fb179810b4470573a80b0fd7e9005584\",\"name\":\"Dominika\",\"image\":{\"@type\":\"ImageObject\",\"inLanguage\":\"nl-NL\",\"@id\":\"https:\\\/\\\/secure.gravatar.com\\\/avatar\\\/527caa14ba4a1c6a3c784184e1205b4909eaa79599a1c7b4d4a62d53f06947bb?s=96&d=mm&r=g\",\"url\":\"https:\\\/\\\/secure.gravatar.com\\\/avatar\\\/527caa14ba4a1c6a3c784184e1205b4909eaa79599a1c7b4d4a62d53f06947bb?s=96&d=mm&r=g\",\"contentUrl\":\"https:\\\/\\\/secure.gravatar.com\\\/avatar\\\/527caa14ba4a1c6a3c784184e1205b4909eaa79599a1c7b4d4a62d53f06947bb?s=96&d=mm&r=g\",\"caption\":\"Dominika\"},\"url\":\"https:\\\/\\\/wisniowsky.nl\\\/nl\\\/author\\\/dominika\\\/\"}]}<\/script>\n<!-- \/ Yoast SEO Premium plugin. -->","yoast_head_json":{"title":"Zmiana formy dzia\u0142alno\u015bci z eenmanszaak na BV \u2013 kiedy to si\u0119 op\u0142aca? - Wisniowsky Administratiekantoor","robots":{"index":"index","follow":"follow","max-snippet":"max-snippet:-1","max-image-preview":"max-image-preview:large","max-video-preview":"max-video-preview:-1"},"canonical":"https:\/\/wisniowsky.nl\/nl\/zmiana-formy-dzialalnosci-z-eenmanszaak-na-bv-kiedy-to-sie-oplaca\/","og_locale":"nl_NL","og_type":"article","og_title":"Zmiana formy dzia\u0142alno\u015bci z eenmanszaak na BV \u2013 kiedy to si\u0119 op\u0142aca?","og_description":"Zmiana formy dzia\u0142alno\u015bci z eenmanszaak na BV \u2013 kiedy to si\u0119 op\u0142aca? \ud83d\udcca\ud83c\udfe2 Prowadzisz jednoosobow\u0105 dzia\u0142alno\u015b\u0107 (ZZP \/ eenmanszaak) w Holandii i zastanawiasz si\u0119 nad przej\u015bciem na BV? To jedna z najcz\u0119stszych decyzji na etapie rozwoju biznesu. Poni\u017cej znajdziesz praktyczne wyja\u015bnienie \u2013 kiedy to ma sens \ud83d\udc47 Czym r\u00f3\u017cni si\u0119 eenmanszaak od BV? \u2696\ufe0f Eenmanszaak [&hellip;]","og_url":"https:\/\/wisniowsky.nl\/nl\/zmiana-formy-dzialalnosci-z-eenmanszaak-na-bv-kiedy-to-sie-oplaca\/","og_site_name":"Wisniowsky Administratiekantoor","article_publisher":"https:\/\/m.facebook.com\/p\/Wisniowsky-Administratiekantoor-100057598202710\/","article_published_time":"2026-04-26T08:48:02+00:00","og_image":[{"width":850,"height":205,"url":"https:\/\/wisniowsky.nl\/wp-content\/uploads\/2026\/04\/Artykul-17.png","type":"image\/png"}],"author":"Dominika","twitter_card":"summary_large_image","twitter_misc":{"Geschreven door":"Dominika","Geschatte leestijd":"3 minuten"},"schema":{"@context":"https:\/\/schema.org","@graph":[{"@type":"Article","@id":"https:\/\/wisniowsky.nl\/nl\/zmiana-formy-dzialalnosci-z-eenmanszaak-na-bv-kiedy-to-sie-oplaca\/#article","isPartOf":{"@id":"https:\/\/wisniowsky.nl\/nl\/zmiana-formy-dzialalnosci-z-eenmanszaak-na-bv-kiedy-to-sie-oplaca\/"},"author":{"name":"Dominika","@id":"https:\/\/wisniowsky.nl\/nl\/#\/schema\/person\/fb179810b4470573a80b0fd7e9005584"},"headline":"Zmiana formy dzia\u0142alno\u015bci z eenmanszaak na BV \u2013 kiedy to si\u0119 op\u0142aca?","datePublished":"2026-04-26T08:48:02+00:00","mainEntityOfPage":{"@id":"https:\/\/wisniowsky.nl\/nl\/zmiana-formy-dzialalnosci-z-eenmanszaak-na-bv-kiedy-to-sie-oplaca\/"},"wordCount":414,"commentCount":0,"publisher":{"@id":"https:\/\/wisniowsky.nl\/nl\/#organization"},"image":{"@id":"https:\/\/wisniowsky.nl\/nl\/zmiana-formy-dzialalnosci-z-eenmanszaak-na-bv-kiedy-to-sie-oplaca\/#primaryimage"},"thumbnailUrl":"https:\/\/i0.wp.com\/wisniowsky.nl\/wp-content\/uploads\/2026\/04\/Artykul-17.png?fit=850%2C205&ssl=1","articleSection":["Bez kategorii"],"inLanguage":"nl-NL","potentialAction":[{"@type":"CommentAction","name":"Comment","target":["https:\/\/wisniowsky.nl\/nl\/zmiana-formy-dzialalnosci-z-eenmanszaak-na-bv-kiedy-to-sie-oplaca\/#respond"]}]},{"@type":"WebPage","@id":"https:\/\/wisniowsky.nl\/nl\/zmiana-formy-dzialalnosci-z-eenmanszaak-na-bv-kiedy-to-sie-oplaca\/","url":"https:\/\/wisniowsky.nl\/nl\/zmiana-formy-dzialalnosci-z-eenmanszaak-na-bv-kiedy-to-sie-oplaca\/","name":"Zmiana formy dzia\u0142alno\u015bci z eenmanszaak na BV \u2013 kiedy to si\u0119 op\u0142aca? - Wisniowsky Administratiekantoor","isPartOf":{"@id":"https:\/\/wisniowsky.nl\/nl\/#website"},"primaryImageOfPage":{"@id":"https:\/\/wisniowsky.nl\/nl\/zmiana-formy-dzialalnosci-z-eenmanszaak-na-bv-kiedy-to-sie-oplaca\/#primaryimage"},"image":{"@id":"https:\/\/wisniowsky.nl\/nl\/zmiana-formy-dzialalnosci-z-eenmanszaak-na-bv-kiedy-to-sie-oplaca\/#primaryimage"},"thumbnailUrl":"https:\/\/i0.wp.com\/wisniowsky.nl\/wp-content\/uploads\/2026\/04\/Artykul-17.png?fit=850%2C205&ssl=1","datePublished":"2026-04-26T08:48:02+00:00","breadcrumb":{"@id":"https:\/\/wisniowsky.nl\/nl\/zmiana-formy-dzialalnosci-z-eenmanszaak-na-bv-kiedy-to-sie-oplaca\/#breadcrumb"},"inLanguage":"nl-NL","potentialAction":[{"@type":"ReadAction","target":["https:\/\/wisniowsky.nl\/nl\/zmiana-formy-dzialalnosci-z-eenmanszaak-na-bv-kiedy-to-sie-oplaca\/"]}]},{"@type":"ImageObject","inLanguage":"nl-NL","@id":"https:\/\/wisniowsky.nl\/nl\/zmiana-formy-dzialalnosci-z-eenmanszaak-na-bv-kiedy-to-sie-oplaca\/#primaryimage","url":"https:\/\/i0.wp.com\/wisniowsky.nl\/wp-content\/uploads\/2026\/04\/Artykul-17.png?fit=850%2C205&ssl=1","contentUrl":"https:\/\/i0.wp.com\/wisniowsky.nl\/wp-content\/uploads\/2026\/04\/Artykul-17.png?fit=850%2C205&ssl=1","width":850,"height":205,"caption":"Zmiana formy dzia\u0142alno\u015bci z eenmanszaak na BV"},{"@type":"BreadcrumbList","@id":"https:\/\/wisniowsky.nl\/nl\/zmiana-formy-dzialalnosci-z-eenmanszaak-na-bv-kiedy-to-sie-oplaca\/#breadcrumb","itemListElement":[{"@type":"ListItem","position":1,"name":"Strona g\u0142\u00f3wna","item":"https:\/\/wisniowsky.nl\/nl\/"},{"@type":"ListItem","position":2,"name":"Zmiana formy dzia\u0142alno\u015bci z eenmanszaak na BV \u2013 kiedy to si\u0119 op\u0142aca?"}]},{"@type":"WebSite","@id":"https:\/\/wisniowsky.nl\/nl\/#website","url":"https:\/\/wisniowsky.nl\/nl\/","name":"Wisniowsky Administratiekantoor","description":"Wszystkie Twoje sprawy w jednym miejscu.","publisher":{"@id":"https:\/\/wisniowsky.nl\/nl\/#organization"},"alternateName":"Ksi\u0119gowo\u015b\u0107 Holandia","potentialAction":[{"@type":"SearchAction","target":{"@type":"EntryPoint","urlTemplate":"https:\/\/wisniowsky.nl\/nl\/?s={search_term_string}"},"query-input":{"@type":"PropertyValueSpecification","valueRequired":true,"valueName":"search_term_string"}}],"inLanguage":"nl-NL"},{"@type":"Organization","@id":"https:\/\/wisniowsky.nl\/nl\/#organization","name":"Wisniowsky Administratiekantoor","alternateName":"Ksi\u0119gowo\u015b\u0107 Holandia","url":"https:\/\/wisniowsky.nl\/nl\/","logo":{"@type":"ImageObject","inLanguage":"nl-NL","@id":"https:\/\/wisniowsky.nl\/nl\/#\/schema\/logo\/image\/","url":"https:\/\/i0.wp.com\/wisniowsky.nl\/wp-content\/uploads\/2024\/05\/cropped-favicon512.png?fit=512%2C512&quality=80&ssl=1","contentUrl":"https:\/\/i0.wp.com\/wisniowsky.nl\/wp-content\/uploads\/2024\/05\/cropped-favicon512.png?fit=512%2C512&quality=80&ssl=1","width":512,"height":512,"caption":"Wisniowsky Administratiekantoor"},"image":{"@id":"https:\/\/wisniowsky.nl\/nl\/#\/schema\/logo\/image\/"},"sameAs":["https:\/\/m.facebook.com\/p\/Wisniowsky-Administratiekantoor-100057598202710\/","https:\/\/www.instagram.com\/waknl\/"],"description":"Ksi\u0119gowo\u015b\u0107 firm w Holandii","email":"info@wisniowsky.nl","telephone":"0851307210","legalName":"Wisniowsky Administratiekantoor","foundingDate":"2015-02-05","numberOfEmployees":{"@type":"QuantitativeValue","minValue":"1","maxValue":"10"}},{"@type":"Person","@id":"https:\/\/wisniowsky.nl\/nl\/#\/schema\/person\/fb179810b4470573a80b0fd7e9005584","name":"Dominika","image":{"@type":"ImageObject","inLanguage":"nl-NL","@id":"https:\/\/secure.gravatar.com\/avatar\/527caa14ba4a1c6a3c784184e1205b4909eaa79599a1c7b4d4a62d53f06947bb?s=96&d=mm&r=g","url":"https:\/\/secure.gravatar.com\/avatar\/527caa14ba4a1c6a3c784184e1205b4909eaa79599a1c7b4d4a62d53f06947bb?s=96&d=mm&r=g","contentUrl":"https:\/\/secure.gravatar.com\/avatar\/527caa14ba4a1c6a3c784184e1205b4909eaa79599a1c7b4d4a62d53f06947bb?s=96&d=mm&r=g","caption":"Dominika"},"url":"https:\/\/wisniowsky.nl\/nl\/author\/dominika\/"}]}},"_links":{"self":[{"href":"https:\/\/wisniowsky.nl\/nl\/wp-json\/wp\/v2\/posts\/1567","targetHints":{"allow":["GET"]}}],"collection":[{"href":"https:\/\/wisniowsky.nl\/nl\/wp-json\/wp\/v2\/posts"}],"about":[{"href":"https:\/\/wisniowsky.nl\/nl\/wp-json\/wp\/v2\/types\/post"}],"author":[{"embeddable":true,"href":"https:\/\/wisniowsky.nl\/nl\/wp-json\/wp\/v2\/users\/3"}],"replies":[{"embeddable":true,"href":"https:\/\/wisniowsky.nl\/nl\/wp-json\/wp\/v2\/comments?post=1567"}],"version-history":[{"count":1,"href":"https:\/\/wisniowsky.nl\/nl\/wp-json\/wp\/v2\/posts\/1567\/revisions"}],"predecessor-version":[{"id":1569,"href":"https:\/\/wisniowsky.nl\/nl\/wp-json\/wp\/v2\/posts\/1567\/revisions\/1569"}],"wp:featuredmedia":[{"embeddable":true,"href":"https:\/\/wisniowsky.nl\/nl\/wp-json\/wp\/v2\/media\/1568"}],"wp:attachment":[{"href":"https:\/\/wisniowsky.nl\/nl\/wp-json\/wp\/v2\/media?parent=1567"}],"wp:term":[{"taxonomy":"category","embeddable":true,"href":"https:\/\/wisniowsky.nl\/nl\/wp-json\/wp\/v2\/categories?post=1567"},{"taxonomy":"post_tag","embeddable":true,"href":"https:\/\/wisniowsky.nl\/nl\/wp-json\/wp\/v2\/tags?post=1567"}],"curies":[{"name":"wp","href":"https:\/\/api.w.org\/{rel}","templated":true}]}}